{"id":185,"date":"2018-11-30T15:13:29","date_gmt":"2018-11-30T14:13:29","guid":{"rendered":"https:\/\/latrancheemilitaire.com\/blog\/?p=185"},"modified":"2021-11-30T12:54:22","modified_gmt":"2021-11-30T11:54:22","slug":"tenues-de-combat-francaises","status":"publish","type":"post","link":"https:\/\/www.latrancheemilitaire.com\/blog\/tenues-de-combat-francaises\/","title":{"rendered":"Tenues de combat fran\u00e7aises."},"content":{"rendered":"<div data-animation=\"tada\" data-icons-animation=\"rubberBand\" data-overlay=\"\" data-change-size=\"\" data-button-size=\"0.7\" style=\"font-size:0.7em!important;display:none;\" class=\"supsystic-social-sharing supsystic-social-sharing-package-flat supsystic-social-sharing-content supsystic-social-sharing-content-align-left\" data-text=\"\"><a data-networks=\"[]\" class=\"social-sharing-button sharer-flat sharer-flat-1 counter-standard grad without-counter tooltip-icon print\" target=\"_blank\" title=\"Imprimez !\" href=\"#\" data-main-href=\"#\" data-nid=\"14\" data-name=\"\" data-pid=\"1\" data-post-id=\"185\" data-url=\"https:\/\/www.latrancheemilitaire.com\/blog\/wp-admin\/admin-ajax.php\" data-description=\"Tenues de combat fran\u00e7aises.\" rel=\"nofollow\" data-mailto=\"\"><i class=\"fa-ssbs fa-ssbs-fw fa-ssbs-print\"><\/i><div class=\"counter-wrap standard\"><span class=\"counter\">3<\/span><\/div><\/a><a data-networks=\"[]\" class=\"social-sharing-button sharer-flat sharer-flat-1 counter-standard grad without-counter tooltip-icon facebook\" target=\"_blank\" title=\"Partagez !\" href=\"http:\/\/www.facebook.com\/sharer.php?u=https%3A%2F%2Fwww.latrancheemilitaire.com%2Fblog%2Ftenues-de-combat-francaises%2F\" data-main-href=\"http:\/\/www.facebook.com\/sharer.php?u={url}\" data-nid=\"1\" data-name=\"\" data-pid=\"1\" data-post-id=\"185\" data-url=\"https:\/\/www.latrancheemilitaire.com\/blog\/wp-admin\/admin-ajax.php\" data-description=\"Tenues de combat fran\u00e7aises.\" rel=\"nofollow\" data-mailto=\"\"><i class=\"fa-ssbs fa-ssbs-fw fa-ssbs-facebook\"><\/i><div class=\"counter-wrap standard\"><span class=\"counter\">3<\/span><\/div><\/a><a data-networks=\"[]\" class=\"social-sharing-button sharer-flat sharer-flat-1 counter-standard grad without-counter tooltip-icon bookmark\" target=\"_blank\" title=\"Ajoutez !\" href=\"#\" data-main-href=\"#\" data-nid=\"15\" data-name=\"\" data-pid=\"1\" data-post-id=\"185\" data-url=\"https:\/\/www.latrancheemilitaire.com\/blog\/wp-admin\/admin-ajax.php\" data-description=\"Tenues de combat fran\u00e7aises.\" rel=\"nofollow\" data-mailto=\"\"><i class=\"fa-ssbs fa-ssbs-fw fa-ssbs-plus\"><\/i><div class=\"counter-wrap standard\"><span class=\"counter\">1<\/span><\/div><\/a><a data-networks=\"[]\" class=\"social-sharing-button sharer-flat sharer-flat-1 counter-standard grad without-counter tooltip-icon twitter\" target=\"_blank\" title=\"Twitter !\" href=\"https:\/\/twitter.com\/share?url=https%3A%2F%2Fwww.latrancheemilitaire.com%2Fblog%2Ftenues-de-combat-francaises%2F&text=Tenues+de+combat+fran%C3%A7aises.\" data-main-href=\"https:\/\/twitter.com\/share?url={url}&text={title}\" data-nid=\"2\" data-name=\"\" data-pid=\"1\" data-post-id=\"185\" data-url=\"https:\/\/www.latrancheemilitaire.com\/blog\/wp-admin\/admin-ajax.php\" data-description=\"Tenues de combat fran\u00e7aises.\" rel=\"nofollow\" data-mailto=\"\"><i class=\"fa-ssbs fa-ssbs-fw fa-ssbs-twitter\"><\/i><div class=\"counter-wrap standard\"><span class=\"counter\">0<\/span><\/div><\/a><a data-networks=\"[]\" class=\"social-sharing-button sharer-flat sharer-flat-1 counter-standard grad without-counter tooltip-icon mail\" target=\"_blank\" title=\"Envoyez !\" href=\"#\" data-main-href=\"#\" data-nid=\"16\" data-name=\"\" data-pid=\"1\" data-post-id=\"185\" data-url=\"https:\/\/www.latrancheemilitaire.com\/blog\/wp-admin\/admin-ajax.php\" data-description=\"Tenues de combat fran\u00e7aises.\" rel=\"nofollow\" data-mailto=\"\"><i class=\"fa-ssbs fa-ssbs-fw fa-ssbs-envelope-o\"><\/i><div class=\"counter-wrap standard\"><span class=\"counter\">2<\/span><\/div><\/a><a data-networks=\"[]\" class=\"social-sharing-button sharer-flat sharer-flat-1 counter-standard grad without-counter tooltip-icon pinterest\" target=\"_blank\" title=\"Epinglez !\" href=\"http:\/\/pinterest.com\/pin\/create\/link\/?url=https%3A%2F%2Fwww.latrancheemilitaire.com%2Fblog%2Ftenues-de-combat-francaises%2F&description=Tenues+de+combat+fran%C3%A7aises.\" data-main-href=\"http:\/\/pinterest.com\/pin\/create\/link\/?url={url}&description={title}\" data-nid=\"7\" data-name=\"\" data-pid=\"1\" data-post-id=\"185\" data-url=\"https:\/\/www.latrancheemilitaire.com\/blog\/wp-admin\/admin-ajax.php\" data-description=\"Tenues de combat fran\u00e7aises.\" rel=\"nofollow\" data-mailto=\"\"><i class=\"fa-ssbs fa-ssbs-fw fa-ssbs-pinterest\"><\/i><div class=\"counter-wrap standard\"><span class=\"counter\">1<\/span><\/div><\/a><\/div><p>En 1964, l&rsquo;arm\u00e9e se dote de nouvelles tenues. Afin de remplacer les <a href=\"https:\/\/www.trancheemilitaire.com\/recherche?controller=search&amp;orderby=position&amp;orderway=desc&amp;search_query=m47&amp;submit_search=\" target=\"_blank\" rel=\"noopener noreferrer\">tenues M47<\/a> inspir\u00e9es de l&rsquo;US Army (mais aussi en remplacement d&rsquo;autres tenues h\u00e9rit\u00e9es du second conflit mondial, entres autres) et pour homog\u00e9n\u00e9iser les troupes, <a href=\"https:\/\/www.trancheemilitaire.com\/recherche?controller=search&amp;orderby=position&amp;orderway=desc&amp;search_query=m64&amp;submit_search=\" target=\"_blank\" rel=\"noopener noreferrer\">le mod\u00e8le M64<\/a> voit le jour. La tenue se compose d&rsquo;une veste, d&rsquo;un pantalon et d&rsquo;une\u00a0 parka. A l&rsquo;\u00e9poque, les v\u00eatements sont fabriqu\u00e9s exclusivement en France gr\u00e2ce \u00e0 la volont\u00e9 du gouvernement en place.<\/p>\n<div id=\"attachment_192\" style=\"width: 310px\" class=\"wp-caption alignleft\"><a href=\"https:\/\/latrancheemilitaire.com\/blog\/wp-content\/uploads\/2018\/11\/10981.jpg\"><img aria-describedby=\"caption-attachment-192\" loading=\"lazy\" class=\"wp-image-192 size-medium\" title=\"Inscription &quot;arm\u00e9e fran\u00e7aise&quot; sur l'\u00e9paule de la veste M64\" src=\"https:\/\/www.latrancheemilitaire.com\/blog\/wp-content\/uploads\/2018\/11\/10981-300x300.jpg\" alt=\"Inscription &quot;arm\u00e9e fran\u00e7aise&quot; sur l'\u00e9paule de la veste M64\" width=\"300\" height=\"300\" srcset=\"https:\/\/www.latrancheemilitaire.com\/blog\/wp-content\/uploads\/2018\/11\/10981-300x300.jpg 300w, https:\/\/www.latrancheemilitaire.com\/blog\/wp-content\/uploads\/2018\/11\/10981-150x150.jpg 150w, https:\/\/www.latrancheemilitaire.com\/blog\/wp-content\/uploads\/2018\/11\/10981-768x768.jpg 768w, https:\/\/www.latrancheemilitaire.com\/blog\/wp-content\/uploads\/2018\/11\/10981.jpg 800w\" sizes=\"(max-width: 300px) 100vw, 300px\" \/><\/a><p id=\"caption-attachment-192\" class=\"wp-caption-text\">Inscription \u00ab\u00a0arm\u00e9e fran\u00e7aise\u00a0\u00bb sur l&rsquo;\u00e9paule de la veste M64<\/p><\/div>\n<p>La tenue M64 (connue \u00e9galement sous le nom de <em>satin 300<\/em> pour un tissage \u00e0 300 g\/m\u00b2) est inspir\u00e9e de la tenue M47. Le tissu, proche du Moleskine, est tr\u00e8s solide et tr\u00e8s serr\u00e9, ce qu&rsquo;il lui donne cet aspect satin\u00e9. La veste et le pantalon seront \u00e9galement pr\u00e9vus pour r\u00e9sister aux attaques chimiques gr\u00e2ce aux doublures \u00e9lastiques des poignets et des chevilles, des lacets et de la capuche de la veste notamment.<\/p>\n<p>Pour la conception, la veste poss\u00e8de 4 poches (2 poches de poitrine \u00e0 zip + 2 poches cargos \u00e0 soufflets et boutons) et une capuche amovible ainsi qu&rsquo;un plastron prot\u00e9geant le haut de la poitrine. Le pantalon sera \u00e9quip\u00e9 de 2 poches cargos sur les c\u00f4t\u00e9s, 2 poches \u00e0 l&rsquo;italienne et une poche arri\u00e8re. La parka n&rsquo;aura que 2 poches et une doublure amovible. L&rsquo;inscription \u00ab\u00a0Arm\u00e9e Fran\u00e7aise\u00a0\u00bb sera imprim\u00e9e sur chaque \u00e9l\u00e9ment de la tenue (sur l&rsquo;\u00e9paule gauche pour la veste et la parka) et \u00e0 l&rsquo;arri\u00e8re pour le pantalon. Toutefois, certains fabricants omettront ce d\u00e9tail et\/ou n&rsquo;utiliseront pas la m\u00eame police de caract\u00e8re.<\/p>\n<p>Au fil du temps, la tenue ne sera plus tr\u00e8s bien adapt\u00e9e aux nouvelles missions du combattant. Trop lourde et peu pratique (surtout la parka sous la pluie), certains militaires feront retailler leur veste pour qu&rsquo;elle soit plus courte et plus pr\u00eat du corps. D&rsquo;o\u00f9 la couture dans le dos de certaines vestes.<\/p>\n<p>Au d\u00e9but des ann\u00e9es 80, la tenue M64 sera remplac\u00e9e par la tenue F1. Les anciens stocks\u00a0 des tenues M64 seront alors utilis\u00e9s comme treillis de d\u00e9fil\u00e9 pour les neufs ou comme treillis PO (pour Parcours d&rsquo;Obstacles) pour les tenues usag\u00e9es.<\/p>\n<p>La tenue F1 sera compos\u00e9 d&rsquo;une veste, d&rsquo;un pantalon et d&rsquo;une chemise de combat. On gardera le stock de parka M64 en dotation. Compos\u00e9 d&rsquo;un tissu \u00e0 210 g\/m\u00b2 en HBT (Herringbone Twill) les v\u00eatements sont plus l\u00e9gers et plus ergonomiques. Les boutons pression remplacent les boutons, le sens d&rsquo;ouverture des poches de poitrine est invers\u00e9 mais on garde le serrage par lacets \u00e0 la taille et aux bas de pantalon.<\/p>\n<p>Toutefois, la l\u00e9g\u00e8ret\u00e9 devient un inconv\u00e9nient au fil du temps et des man\u0153uvres. Bien qu&rsquo;id\u00e9al pour l&rsquo;\u00e9t\u00e9, la tenue se r\u00e9v\u00e8le pas tr\u00e8s efficace contre le froid en hiver. De plus, le mode de tissage ne r\u00e9siste pas longtemps au mode de vie du fantassin dans les ronces.<\/p>\n<p>A peine 10 ans apr\u00e8s cette dotation, il sera d\u00e9cid\u00e9 de faire \u00e9voluer le mod\u00e8le F1 afin de r\u00e9pondre aux exigences des militaires. Le mod\u00e8le F2 reprendra alors les atouts des deux mod\u00e8les pr\u00e9c\u00e9dents :<\/p>\n<ul>\n<li>une veste courte comme le mod\u00e8le F1 avec un tissu HBT plus \u00ab\u00a0lourd\u00a0\u00bb de 270 g\/m\u00b2.<\/li>\n<li>des \u00e9lastiques \u00e0 la taille et au bas de pantalons \u00e0 la place des lacets.<\/li>\n<li>le plastron r\u00e9appara\u00eetra.<\/li>\n<li>4 poches pour la veste (puis 2 poches par la suite car inutilisables avec le port du ceinturon FAMAS)<\/li>\n<li>l&rsquo;abandon de la poche arri\u00e8re du pantalon<\/li>\n<li>une nouvelle parka en tissu microporeux, plus courte, imperm\u00e9able et plus chaude.<\/li>\n<\/ul>\n<div id=\"attachment_193\" style=\"width: 310px\" class=\"wp-caption alignright\"><a href=\"https:\/\/latrancheemilitaire.com\/blog\/wp-content\/uploads\/2018\/11\/MG_6657.jpg\"><img aria-describedby=\"caption-attachment-193\" loading=\"lazy\" class=\"wp-image-193 size-medium\" title=\"Veste mod\u00e8le F2 premi\u00e8re g\u00e9n\u00e9ration\" src=\"https:\/\/www.latrancheemilitaire.com\/blog\/wp-content\/uploads\/2018\/11\/MG_6657-300x300.jpg\" alt=\"Veste mod\u00e8le F2 premi\u00e8re g\u00e9n\u00e9ration\" width=\"300\" height=\"300\" srcset=\"https:\/\/www.latrancheemilitaire.com\/blog\/wp-content\/uploads\/2018\/11\/MG_6657-300x300.jpg 300w, https:\/\/www.latrancheemilitaire.com\/blog\/wp-content\/uploads\/2018\/11\/MG_6657-150x150.jpg 150w, https:\/\/www.latrancheemilitaire.com\/blog\/wp-content\/uploads\/2018\/11\/MG_6657-768x768.jpg 768w, https:\/\/www.latrancheemilitaire.com\/blog\/wp-content\/uploads\/2018\/11\/MG_6657.jpg 1000w\" sizes=\"(max-width: 300px) 100vw, 300px\" \/><\/a><p id=\"caption-attachment-193\" class=\"wp-caption-text\">Veste mod\u00e8le F2 premi\u00e8re g\u00e9n\u00e9ration<\/p><\/div>\n<p>La tenue de combat F2 (<a href=\"https:\/\/www.trancheemilitaire.com\/recherche?controller=search&amp;orderby=position&amp;orderway=desc&amp;search_query=veste++f2&amp;submit_search=\" target=\"_blank\" rel=\"noopener noreferrer\">veste<\/a> et <a href=\"https:\/\/www.trancheemilitaire.com\/recherche?controller=search&amp;orderby=position&amp;orderway=desc&amp;search_query=pantalon++f2&amp;submit_search=\" target=\"_blank\" rel=\"noopener noreferrer\">pantalon<\/a>) sera enfin d\u00e9clin\u00e9e en camouflage d\u00e9sert au d\u00e9but de la guerre du Golfe. Ce camouflage aura ensuite sa propre d\u00e9clinaison pour les Th\u00e9\u00e2tres Europ\u00e9ens (fond sable avec motifs noir, vert et marron)<\/p>\n<p>Avec la professionnalisation des arm\u00e9es et des nouvelles missions des militaires, la tenue T3 \u00e9quipera les forces en Op\u00e9rations Ext\u00e9rieures et peu \u00e0 peu en m\u00e9tropole. R\u00e9cemment, c&rsquo;est la tenue T4 qui sera finalement adopt\u00e9e m\u00eame si certaines unit\u00e9s sont encore \u00e9quip\u00e9es de T3.<\/p>\n","protected":false},"excerpt":{"rendered":"<div data-animation=\"tada\" data-icons-animation=\"rubberBand\" data-overlay=\"\" data-change-size=\"\" data-button-size=\"0.7\" style=\"font-size:0.7em!important;display:none;\" class=\"supsystic-social-sharing supsystic-social-sharing-package-flat supsystic-social-sharing-content supsystic-social-sharing-content-align-left\" data-text=\"\"><a data-networks=\"[]\" class=\"social-sharing-button sharer-flat sharer-flat-1 counter-standard grad without-counter tooltip-icon print\" target=\"_blank\" title=\"Imprimez !\" href=\"#\" data-main-href=\"#\" data-nid=\"14\" data-name=\"\" data-pid=\"1\" data-post-id=\"185\" data-url=\"https:\/\/www.latrancheemilitaire.com\/blog\/wp-admin\/admin-ajax.php\" data-description=\"Tenues de combat fran\u00e7aises.\" rel=\"nofollow\" data-mailto=\"\"><i class=\"fa-ssbs fa-ssbs-fw fa-ssbs-print\"><\/i><div class=\"counter-wrap standard\"><span class=\"counter\">3<\/span><\/div><\/a><a data-networks=\"[]\" class=\"social-sharing-button sharer-flat sharer-flat-1 counter-standard grad without-counter tooltip-icon facebook\" target=\"_blank\" title=\"Partagez !\" href=\"http:\/\/www.facebook.com\/sharer.php?u=https%3A%2F%2Fwww.latrancheemilitaire.com%2Fblog%2Ftenues-de-combat-francaises%2F\" data-main-href=\"http:\/\/www.facebook.com\/sharer.php?u={url}\" data-nid=\"1\" data-name=\"\" data-pid=\"1\" data-post-id=\"185\" data-url=\"https:\/\/www.latrancheemilitaire.com\/blog\/wp-admin\/admin-ajax.php\" data-description=\"Tenues de combat fran\u00e7aises.\" rel=\"nofollow\" data-mailto=\"\"><i class=\"fa-ssbs fa-ssbs-fw fa-ssbs-facebook\"><\/i><div class=\"counter-wrap standard\"><span class=\"counter\">3<\/span><\/div><\/a><a data-networks=\"[]\" class=\"social-sharing-button sharer-flat sharer-flat-1 counter-standard grad without-counter tooltip-icon bookmark\" target=\"_blank\" title=\"Ajoutez !\" href=\"#\" data-main-href=\"#\" data-nid=\"15\" data-name=\"\" data-pid=\"1\" data-post-id=\"185\" data-url=\"https:\/\/www.latrancheemilitaire.com\/blog\/wp-admin\/admin-ajax.php\" data-description=\"Tenues de combat fran\u00e7aises.\" rel=\"nofollow\" data-mailto=\"\"><i class=\"fa-ssbs fa-ssbs-fw fa-ssbs-plus\"><\/i><div class=\"counter-wrap standard\"><span class=\"counter\">1<\/span><\/div><\/a><a data-networks=\"[]\" class=\"social-sharing-button sharer-flat sharer-flat-1 counter-standard grad without-counter tooltip-icon twitter\" target=\"_blank\" title=\"Twitter !\" href=\"https:\/\/twitter.com\/share?url=https%3A%2F%2Fwww.latrancheemilitaire.com%2Fblog%2Ftenues-de-combat-francaises%2F&text=Tenues+de+combat+fran%C3%A7aises.\" data-main-href=\"https:\/\/twitter.com\/share?url={url}&text={title}\" data-nid=\"2\" data-name=\"\" data-pid=\"1\" data-post-id=\"185\" data-url=\"https:\/\/www.latrancheemilitaire.com\/blog\/wp-admin\/admin-ajax.php\" data-description=\"Tenues de combat fran\u00e7aises.\" rel=\"nofollow\" data-mailto=\"\"><i class=\"fa-ssbs fa-ssbs-fw fa-ssbs-twitter\"><\/i><div class=\"counter-wrap standard\"><span class=\"counter\">0<\/span><\/div><\/a><a data-networks=\"[]\" class=\"social-sharing-button sharer-flat sharer-flat-1 counter-standard grad without-counter tooltip-icon mail\" target=\"_blank\" title=\"Envoyez !\" href=\"#\" data-main-href=\"#\" data-nid=\"16\" data-name=\"\" data-pid=\"1\" data-post-id=\"185\" data-url=\"https:\/\/www.latrancheemilitaire.com\/blog\/wp-admin\/admin-ajax.php\" data-description=\"Tenues de combat fran\u00e7aises.\" rel=\"nofollow\" data-mailto=\"\"><i class=\"fa-ssbs fa-ssbs-fw fa-ssbs-envelope-o\"><\/i><div class=\"counter-wrap standard\"><span class=\"counter\">2<\/span><\/div><\/a><a data-networks=\"[]\" class=\"social-sharing-button sharer-flat sharer-flat-1 counter-standard grad without-counter tooltip-icon pinterest\" target=\"_blank\" title=\"Epinglez !\" href=\"http:\/\/pinterest.com\/pin\/create\/link\/?url=https%3A%2F%2Fwww.latrancheemilitaire.com%2Fblog%2Ftenues-de-combat-francaises%2F&description=Tenues+de+combat+fran%C3%A7aises.\" data-main-href=\"http:\/\/pinterest.com\/pin\/create\/link\/?url={url}&description={title}\" data-nid=\"7\" data-name=\"\" data-pid=\"1\" data-post-id=\"185\" data-url=\"https:\/\/www.latrancheemilitaire.com\/blog\/wp-admin\/admin-ajax.php\" data-description=\"Tenues de combat fran\u00e7aises.\" rel=\"nofollow\" data-mailto=\"\"><i class=\"fa-ssbs fa-ssbs-fw fa-ssbs-pinterest\"><\/i><div class=\"counter-wrap standard\"><span class=\"counter\">1<\/span><\/div><\/a><\/div><p>En 1964, l&rsquo;arm\u00e9e se dote de nouvelles tenues. Afin de remplacer les tenues M47 inspir\u00e9es de l&rsquo;US Army (mais aussi en remplacement d&rsquo;autres tenues h\u00e9rit\u00e9es du second conflit mondial, entres autres) et pour homog\u00e9n\u00e9iser les troupes, le mod\u00e8le M64 voit le jour. La tenue se compose d&rsquo;une veste, d&rsquo;un pantalon et d&rsquo;une\u00a0 parka. A l&rsquo;\u00e9poque, [&hellip;]<\/p>\n","protected":false},"author":1,"featured_media":188,"comment_status":"open","ping_status":"open","sticky":false,"template":"","format":"standard","meta":[],"categories":[9],"tags":[12,7,13],"yoast_head":"<!-- This site is optimized with the Yoast SEO plugin v18.8 - https:\/\/yoast.com\/wordpress\/plugins\/seo\/ -->\n<title>Tenues de combat fran\u00e7aises. - La Tranch\u00e9e Militaire and Co<\/title>\n<meta name=\"description\" content=\"En 1964, l&#039;arm\u00e9e se dote de nouvelles tenues. Afin de remplacer les tenues M47 inspir\u00e9es de l&#039;US Army et pour homog\u00e9n\u00e9iser les troupes.\" \/>\n<meta name=\"robots\" content=\"index, follow, max-snippet:-1, max-image-preview:large, max-video-preview:-1\" \/>\n<link rel=\"canonical\" href=\"https:\/\/www.latrancheemilitaire.com\/blog\/tenues-de-combat-francaises\/\" \/>\n<meta property=\"og:locale\" content=\"fr_FR\" \/>\n<meta property=\"og:type\" content=\"article\" \/>\n<meta property=\"og:title\" content=\"Tenues de combat fran\u00e7aises. - La Tranch\u00e9e Militaire and Co\" \/>\n<meta property=\"og:description\" content=\"En 1964, l&#039;arm\u00e9e se dote de nouvelles tenues. Afin de remplacer les tenues M47 inspir\u00e9es de l&#039;US Army et pour homog\u00e9n\u00e9iser les troupes.\" \/>\n<meta property=\"og:url\" content=\"https:\/\/www.latrancheemilitaire.com\/blog\/tenues-de-combat-francaises\/\" \/>\n<meta property=\"og:site_name\" content=\"La Tranch\u00e9e Militaire and Co\" \/>\n<meta property=\"article:publisher\" content=\"https:\/\/business.facebook.com\/ltmac37\" \/>\n<meta property=\"article:author\" content=\"https:\/\/business.facebook.com\/ltmac37\" \/>\n<meta property=\"article:published_time\" content=\"2018-11-30T14:13:29+00:00\" \/>\n<meta property=\"article:modified_time\" content=\"2021-11-30T11:54:22+00:00\" \/>\n<meta property=\"og:image\" content=\"https:\/\/www.latrancheemilitaire.com\/blog\/wp-content\/uploads\/2018\/11\/MG_6658.jpg\" \/>\n\t<meta property=\"og:image:width\" content=\"1000\" \/>\n\t<meta property=\"og:image:height\" content=\"1000\" \/>\n\t<meta property=\"og:image:type\" content=\"image\/jpeg\" \/>\n<meta name=\"twitter:label1\" content=\"\u00c9crit par\" \/>\n\t<meta name=\"twitter:data1\" content=\"Philippe\" \/>\n\t<meta name=\"twitter:label2\" content=\"Dur\u00e9e de lecture estim\u00e9e\" \/>\n\t<meta name=\"twitter:data2\" content=\"4 minutes\" \/>\n<script type=\"application\/ld+json\" class=\"yoast-schema-graph\">{\"@context\":\"https:\/\/schema.org\",\"@graph\":[{\"@type\":\"WebSite\",\"@id\":\"https:\/\/www.latrancheemilitaire.com\/blog\/#website\",\"url\":\"https:\/\/www.latrancheemilitaire.com\/blog\/\",\"name\":\"La Tranch\u00e9e Militaire and Co\",\"description\":\"L&#039;actualit\u00e9 du surplus\",\"potentialAction\":[{\"@type\":\"SearchAction\",\"target\":{\"@type\":\"EntryPoint\",\"urlTemplate\":\"https:\/\/www.latrancheemilitaire.com\/blog\/?s={search_term_string}\"},\"query-input\":\"required name=search_term_string\"}],\"inLanguage\":\"fr-FR\"},{\"@type\":\"ImageObject\",\"inLanguage\":\"fr-FR\",\"@id\":\"https:\/\/www.latrancheemilitaire.com\/blog\/tenues-de-combat-francaises\/#primaryimage\",\"url\":\"https:\/\/www.latrancheemilitaire.com\/blog\/wp-content\/uploads\/2018\/11\/MG_6658.jpg\",\"contentUrl\":\"https:\/\/www.latrancheemilitaire.com\/blog\/wp-content\/uploads\/2018\/11\/MG_6658.jpg\",\"width\":1000,\"height\":1000,\"caption\":\"Veste F2 kaki\"},{\"@type\":\"WebPage\",\"@id\":\"https:\/\/www.latrancheemilitaire.com\/blog\/tenues-de-combat-francaises\/#webpage\",\"url\":\"https:\/\/www.latrancheemilitaire.com\/blog\/tenues-de-combat-francaises\/\",\"name\":\"Tenues de combat fran\u00e7aises. - La Tranch\u00e9e Militaire and Co\",\"isPartOf\":{\"@id\":\"https:\/\/www.latrancheemilitaire.com\/blog\/#website\"},\"primaryImageOfPage\":{\"@id\":\"https:\/\/www.latrancheemilitaire.com\/blog\/tenues-de-combat-francaises\/#primaryimage\"},\"datePublished\":\"2018-11-30T14:13:29+00:00\",\"dateModified\":\"2021-11-30T11:54:22+00:00\",\"author\":{\"@id\":\"https:\/\/www.latrancheemilitaire.com\/blog\/#\/schema\/person\/77a4a54746e7c6eece2474c96338c6d0\"},\"description\":\"En 1964, l'arm\u00e9e se dote de nouvelles tenues. Afin de remplacer les tenues M47 inspir\u00e9es de l'US Army et pour homog\u00e9n\u00e9iser les troupes.\",\"breadcrumb\":{\"@id\":\"https:\/\/www.latrancheemilitaire.com\/blog\/tenues-de-combat-francaises\/#breadcrumb\"},\"inLanguage\":\"fr-FR\",\"potentialAction\":[{\"@type\":\"ReadAction\",\"target\":[\"https:\/\/www.latrancheemilitaire.com\/blog\/tenues-de-combat-francaises\/\"]}]},{\"@type\":\"BreadcrumbList\",\"@id\":\"https:\/\/www.latrancheemilitaire.com\/blog\/tenues-de-combat-francaises\/#breadcrumb\",\"itemListElement\":[{\"@type\":\"ListItem\",\"position\":1,\"name\":\"Accueil\",\"item\":\"https:\/\/www.latrancheemilitaire.com\/blog\/\"},{\"@type\":\"ListItem\",\"position\":2,\"name\":\"Tenues de combat fran\u00e7aises.\"}]},{\"@type\":\"Person\",\"@id\":\"https:\/\/www.latrancheemilitaire.com\/blog\/#\/schema\/person\/77a4a54746e7c6eece2474c96338c6d0\",\"name\":\"Philippe\",\"image\":{\"@type\":\"ImageObject\",\"inLanguage\":\"fr-FR\",\"@id\":\"https:\/\/www.latrancheemilitaire.com\/blog\/#\/schema\/person\/image\/\",\"url\":\"https:\/\/secure.gravatar.com\/avatar\/626a609e956d97895dbc656879be9471?s=96&d=mm&r=g\",\"contentUrl\":\"https:\/\/secure.gravatar.com\/avatar\/626a609e956d97895dbc656879be9471?s=96&d=mm&r=g\",\"caption\":\"Philippe\"},\"sameAs\":[\"https:\/\/www.trancheemilitaire.com\",\"https:\/\/business.facebook.com\/ltmac37\",\"https:\/\/twitter.com\/LTMANDCO\"],\"url\":\"https:\/\/www.latrancheemilitaire.com\/blog\/author\/admin\/\"}]}<\/script>\n<!-- \/ Yoast SEO plugin. -->","yoast_head_json":{"title":"Tenues de combat fran\u00e7aises. - La Tranch\u00e9e Militaire and Co","description":"En 1964, l'arm\u00e9e se dote de nouvelles tenues. Afin de remplacer les tenues M47 inspir\u00e9es de l'US Army et pour homog\u00e9n\u00e9iser les troupes.","robots":{"index":"index","follow":"follow","max-snippet":"max-snippet:-1","max-image-preview":"max-image-preview:large","max-video-preview":"max-video-preview:-1"},"canonical":"https:\/\/www.latrancheemilitaire.com\/blog\/tenues-de-combat-francaises\/","og_locale":"fr_FR","og_type":"article","og_title":"Tenues de combat fran\u00e7aises. - La Tranch\u00e9e Militaire and Co","og_description":"En 1964, l'arm\u00e9e se dote de nouvelles tenues. Afin de remplacer les tenues M47 inspir\u00e9es de l'US Army et pour homog\u00e9n\u00e9iser les troupes.","og_url":"https:\/\/www.latrancheemilitaire.com\/blog\/tenues-de-combat-francaises\/","og_site_name":"La Tranch\u00e9e Militaire and Co","article_publisher":"https:\/\/business.facebook.com\/ltmac37","article_author":"https:\/\/business.facebook.com\/ltmac37","article_published_time":"2018-11-30T14:13:29+00:00","article_modified_time":"2021-11-30T11:54:22+00:00","og_image":[{"width":1000,"height":1000,"url":"https:\/\/www.latrancheemilitaire.com\/blog\/wp-content\/uploads\/2018\/11\/MG_6658.jpg","type":"image\/jpeg"}],"twitter_misc":{"\u00c9crit par":"Philippe","Dur\u00e9e de lecture estim\u00e9e":"4 minutes"},"schema":{"@context":"https:\/\/schema.org","@graph":[{"@type":"WebSite","@id":"https:\/\/www.latrancheemilitaire.com\/blog\/#website","url":"https:\/\/www.latrancheemilitaire.com\/blog\/","name":"La Tranch\u00e9e Militaire and Co","description":"L&#039;actualit\u00e9 du surplus","potentialAction":[{"@type":"SearchAction","target":{"@type":"EntryPoint","urlTemplate":"https:\/\/www.latrancheemilitaire.com\/blog\/?s={search_term_string}"},"query-input":"required name=search_term_string"}],"inLanguage":"fr-FR"},{"@type":"ImageObject","inLanguage":"fr-FR","@id":"https:\/\/www.latrancheemilitaire.com\/blog\/tenues-de-combat-francaises\/#primaryimage","url":"https:\/\/www.latrancheemilitaire.com\/blog\/wp-content\/uploads\/2018\/11\/MG_6658.jpg","contentUrl":"https:\/\/www.latrancheemilitaire.com\/blog\/wp-content\/uploads\/2018\/11\/MG_6658.jpg","width":1000,"height":1000,"caption":"Veste F2 kaki"},{"@type":"WebPage","@id":"https:\/\/www.latrancheemilitaire.com\/blog\/tenues-de-combat-francaises\/#webpage","url":"https:\/\/www.latrancheemilitaire.com\/blog\/tenues-de-combat-francaises\/","name":"Tenues de combat fran\u00e7aises. - La Tranch\u00e9e Militaire and Co","isPartOf":{"@id":"https:\/\/www.latrancheemilitaire.com\/blog\/#website"},"primaryImageOfPage":{"@id":"https:\/\/www.latrancheemilitaire.com\/blog\/tenues-de-combat-francaises\/#primaryimage"},"datePublished":"2018-11-30T14:13:29+00:00","dateModified":"2021-11-30T11:54:22+00:00","author":{"@id":"https:\/\/www.latrancheemilitaire.com\/blog\/#\/schema\/person\/77a4a54746e7c6eece2474c96338c6d0"},"description":"En 1964, l'arm\u00e9e se dote de nouvelles tenues. Afin de remplacer les tenues M47 inspir\u00e9es de l'US Army et pour homog\u00e9n\u00e9iser les troupes.","breadcrumb":{"@id":"https:\/\/www.latrancheemilitaire.com\/blog\/tenues-de-combat-francaises\/#breadcrumb"},"inLanguage":"fr-FR","potentialAction":[{"@type":"ReadAction","target":["https:\/\/www.latrancheemilitaire.com\/blog\/tenues-de-combat-francaises\/"]}]},{"@type":"BreadcrumbList","@id":"https:\/\/www.latrancheemilitaire.com\/blog\/tenues-de-combat-francaises\/#breadcrumb","itemListElement":[{"@type":"ListItem","position":1,"name":"Accueil","item":"https:\/\/www.latrancheemilitaire.com\/blog\/"},{"@type":"ListItem","position":2,"name":"Tenues de combat fran\u00e7aises."}]},{"@type":"Person","@id":"https:\/\/www.latrancheemilitaire.com\/blog\/#\/schema\/person\/77a4a54746e7c6eece2474c96338c6d0","name":"Philippe","image":{"@type":"ImageObject","inLanguage":"fr-FR","@id":"https:\/\/www.latrancheemilitaire.com\/blog\/#\/schema\/person\/image\/","url":"https:\/\/secure.gravatar.com\/avatar\/626a609e956d97895dbc656879be9471?s=96&d=mm&r=g","contentUrl":"https:\/\/secure.gravatar.com\/avatar\/626a609e956d97895dbc656879be9471?s=96&d=mm&r=g","caption":"Philippe"},"sameAs":["https:\/\/www.trancheemilitaire.com","https:\/\/business.facebook.com\/ltmac37","https:\/\/twitter.com\/LTMANDCO"],"url":"https:\/\/www.latrancheemilitaire.com\/blog\/author\/admin\/"}]}},"_links":{"self":[{"href":"https:\/\/www.latrancheemilitaire.com\/blog\/wp-json\/wp\/v2\/posts\/185"}],"collection":[{"href":"https:\/\/www.latrancheemilitaire.com\/blog\/wp-json\/wp\/v2\/posts"}],"about":[{"href":"https:\/\/www.latrancheemilitaire.com\/blog\/wp-json\/wp\/v2\/types\/post"}],"author":[{"embeddable":true,"href":"https:\/\/www.latrancheemilitaire.com\/blog\/wp-json\/wp\/v2\/users\/1"}],"replies":[{"embeddable":true,"href":"https:\/\/www.latrancheemilitaire.com\/blog\/wp-json\/wp\/v2\/comments?post=185"}],"version-history":[{"count":8,"href":"https:\/\/www.latrancheemilitaire.com\/blog\/wp-json\/wp\/v2\/posts\/185\/revisions"}],"predecessor-version":[{"id":264,"href":"https:\/\/www.latrancheemilitaire.com\/blog\/wp-json\/wp\/v2\/posts\/185\/revisions\/264"}],"wp:featuredmedia":[{"embeddable":true,"href":"https:\/\/www.latrancheemilitaire.com\/blog\/wp-json\/wp\/v2\/media\/188"}],"wp:attachment":[{"href":"https:\/\/www.latrancheemilitaire.com\/blog\/wp-json\/wp\/v2\/media?parent=185"}],"wp:term":[{"taxonomy":"category","embeddable":true,"href":"https:\/\/www.latrancheemilitaire.com\/blog\/wp-json\/wp\/v2\/categories?post=185"},{"taxonomy":"post_tag","embeddable":true,"href":"https:\/\/www.latrancheemilitaire.com\/blog\/wp-json\/wp\/v2\/tags?post=185"}],"curies":[{"name":"wp","href":"https:\/\/api.w.org\/{rel}","templated":true}]}}